{"id":9710,"date":"2024-09-19T14:52:05","date_gmt":"2024-09-19T12:52:05","guid":{"rendered":"https:\/\/www.mdtel.es\/tech\/?p=9710"},"modified":"2024-09-20T08:11:29","modified_gmt":"2024-09-20T06:11:29","slug":"entrevista-gracia-moreno-responsable-de-calidad-y-medio-ambiente-en-mdtel","status":"publish","type":"post","link":"https:\/\/www.mdtel.es\/tech\/entrevista-gracia-moreno-responsable-de-calidad-y-medio-ambiente-en-mdtel\/","title":{"rendered":"Entrevista  Gracia Moreno, Responsable de Calidad y Medio Ambiente en mdtel"},"content":{"rendered":"<p>[et_pb_section fb_built=\u00bb1&#8243; _builder_version=\u00bb4.25.2&#8243; _module_preset=\u00bbdefault\u00bb global_colors_info=\u00bb{}\u00bb][et_pb_row _builder_version=\u00bb4.25.2&#8243; _module_preset=\u00bbdefault\u00bb custom_margin=\u00bb-59px|auto||auto||\u00bb global_colors_info=\u00bb{}\u00bb][et_pb_column type=\u00bb4_4&#8243; _builder_version=\u00bb4.25.2&#8243; _module_preset=\u00bbdefault\u00bb global_colors_info=\u00bb{}\u00bb][et_pb_text _builder_version=\u00bb4.25.2&#8243; _module_preset=\u00bbdefault\u00bb custom_margin=\u00bb||-56px|||\u00bb custom_padding=\u00bb||0px|||\u00bb global_colors_info=\u00bb{}\u00bb]<\/p>\n<h4><\/h4>\n<h4>AECIM (empresas del metal de Madrid), como miembro de la Enterprise Europe Network (EEN), ha sido fundamental en el respaldo a<span>\u00a0<\/span><strong><em>md<\/em><\/strong>tel en su dedicaci\u00f3n a la sostenibilidad. Nuestra compa\u00f1era Gracia Moreno, responsable de calidad y medioambiente, que ha dirigido las iniciativas de sostenibilidad en<span>\u00a0<\/span><strong><em>md<\/em><\/strong>tel, nos cuenta sus impresiones y c\u00f3mo ha beneficiado el apoyo de AECIM y EEN.<\/h4>\n<p>&nbsp;<\/p>\n<p>AECIM, como miembro de la Enterprise Europe Network (EEN), ha desempe\u00f1ado un papel crucial en apoyar a Mdtel en su compromiso con la sostenibilidad. A trav\u00e9s del servicio de sostenibilidad, hemos implementado un proyecto espec\u00edfico para Mdtel que destaca las siguientes etapas:<\/p>\n<ol class=\"wp-block-list\">\n<li><strong>Familiarizaci\u00f3n con la Agenda 2030:<\/strong><span>\u00a0<\/span>Se han realizado actividades de formaci\u00f3n para que Mdtel<\/li>\n<li><strong>Identificaci\u00f3n de impactos significativos:<\/strong><span>\u00a0<\/span>Se realizaron entrevistas personalizadas y se complet\u00f3 un cuestionario espec\u00edfico para identificar los impactos m\u00e1s significativos de Mdtel. Este an\u00e1lisis permiti\u00f3 conocer en detalle las necesidades y \u00e1reas de mejora de la empresa en t\u00e9rminos de sostenibilidad.<\/li>\n<li><strong>Definici\u00f3n de compromisos con los ODS:<\/strong><span>\u00a0<\/span>En base a los resultados obtenidos, se definieron los ODS y metas a los que Mdtel se comprometer\u00eda. AECIM proporcion\u00f3 un informe personalizado sobre el estado de sostenibilidad de la empresa, detallando sus fortalezas y oportunidades de mejora.<\/li>\n<li><strong>Integraci\u00f3n de los ODS en la organizaci\u00f3n:<\/strong><span>\u00a0<\/span>A trav\u00e9s de servicios especializados, se ayud\u00f3 a Mdtel a integrar los ODS en todas las funciones de la organizaci\u00f3n. Esto incluy\u00f3 mentor\u00edas y consultas con expertos para aprender a informar y comunicar eficazmente sobre sus acciones sostenibles, utilizando sistemas de recopilaci\u00f3n y an\u00e1lisis de datos.<\/li>\n<\/ol>\n<p>Al concluir este servicio, Mdtel ha redactado un informe de sostenibilidad que pone en valor las acciones sostenibles realizadas, las que est\u00e1n en curso y las futuras. Adem\u00e1s, se han propuesto metas, indicadores y acciones cada vez m\u00e1s sostenibles, consolidando as\u00ed su compromiso con el desarrollo sostenible.<\/p>\n<p>Este proceso, \u00a0ha fortalecido su posici\u00f3n en el mercado como una empresa responsable y comprometida con el medio ambiente y la sociedad.<\/p>\n<p>\u00abNuestra motivaci\u00f3n principal fue nuestra responsabilidad corporativa de minimizar el impacto ambiental y la necesidad de cumplir con las normativas\u00bb<\/p>\n<p>Gracia Moreno, responsable de calidad y medioambiente, ha liderado las acciones de sostenibilidad desde<span>\u00a0<\/span><a href=\"https:\/\/www.mdtel.es\/tech\/\" target=\"_blank\" rel=\"noreferrer noopener\">Md<\/a><a href=\"https:\/\/www.mdtel.es\/tech\/\">tel<\/a>. Por ello, le hemos realizado una entrevista para que nos comparta sus impresiones y, qu\u00e9 les ha aportado el apoyo de AECIM y EEN:<\/p>\n<ol class=\"wp-block-list\">\n<li><strong>\u00bfQu\u00e9 ha supuesto la colaboraci\u00f3n con AECIM y EEN para su empresa?<\/strong><br \/>Ha supuesto una oportunidad invaluable para mejorar nuestra competitividad y sostenibilidad. Nos ha permitido acceder a conocimientos especializados y a una red de contactos que ha facilitado adoptar mejores pr\u00e1cticas del sector relacionadas con la sostenibilidad.<strong>2. \u00bfCu\u00e1l fue la motivaci\u00f3n principal para formar parte del servicio de sostenibilidad que ha recibido?<\/strong><br \/>La motivaci\u00f3n principal fue nuestra responsabilidad corporativa de minimizar el impacto ambiental y la necesidad de cumplir con las normativas, que, si bien no nos aplican ahora mismo, si lo har\u00e1n en el futuro. Tambi\u00e9n quer\u00edamos acceder a personas con un fuerte dominio de la sostenibilidad y buscar la eficiencia energ\u00e9tica y la reducci\u00f3n de la huella de carbono de la compa\u00f1\u00eda.\n<p><strong>3. \u00bfQu\u00e9 servicios has recibido y cu\u00e1l de ellos ha tenido un mayor impacto en vuestra empresa?<\/strong><br \/>Hemos recibido servicios de asesoramiento en formaci\u00f3n relacionada con la sostenibilidad, con el c\u00e1lculo de la huella de carbono y formaci\u00f3n en la realizaci\u00f3n de informes de sostenibilidad.<\/p>\n<p><strong>4. \u00bfTomar\u00e1s en cuenta otros servicios complementarios de sostenibilidad ofrecidos desde la EEN-AECIM?<\/strong><br \/>S\u00ed, definitivamente consideraremos otros servicios complementarios, como la consultor\u00eda en econom\u00eda circular y la auditor\u00eda de sostenibilidad. Creemos que estos servicios pueden seguir mejorando nuestras operaciones y nuestra imagen ante nuestros clientes, socios y parte interesadas.<\/p>\n<p><strong>5. \u00bfQu\u00e9 nuevas pr\u00e1cticas hab\u00e9is puesto en marcha despu\u00e9s de finalizar el mentoring en materia de sostenibilidad?<\/strong><br \/>Hemos implementado pr\u00e1cticas como la reducci\u00f3n de consumo de energ\u00eda mediante el uso de tecnolog\u00eda m\u00e1s eficiente y hemos distribuido el informe de sostenibilidad elaborado.<\/p>\n<p><strong>6. \u00bfCu\u00e1les han sido los principales resultados o logros alcanzados hasta ahora gracias a este servicio?<\/strong><br \/>Desde que empezamos a trabajar con AECIM en materias de sostenibilidad, hemos conseguido elaborar nuestro primer informe de sostenibilidad y hemos hecho el primer c\u00e1lculo de nuestra huella de carbono. Estas acciones nos permiten mejorar nuestra reputaci\u00f3n en el mercado.<\/p>\n<\/li>\n<\/ol>\n<p>Mdtel no solo ha conseguido reducir su impacto medioambiental sino tambi\u00e9n mejorar su reputaci\u00f3n en el mercado.<\/p>\n<p>&nbsp;<\/p>\n<p>&nbsp;<\/p>\n<p>[\/et_pb_text][\/et_pb_column][\/et_pb_row][\/et_pb_section]<\/p>\n","protected":false},"excerpt":{"rendered":"<p>AECIM (empresas del metal de Madrid), como miembro de la Enterprise Europe Network (EEN), ha sido fundamental en el respaldo a\u00a0mdtel en su dedicaci\u00f3n a la sostenibilidad. Nuestra compa\u00f1era Gracia Moreno, responsable de calidad y medioambiente, que ha dirigido las iniciativas de sostenibilidad en\u00a0mdtel, nos cuenta sus impresiones y c\u00f3mo ha beneficiado el apoyo de [&hellip;]<\/p>\n","protected":false},"author":6,"featured_media":9723,"comment_status":"closed","ping_status":"open","sticky":false,"template":"","format":"standard","meta":{"_et_pb_use_builder":"on","_et_pb_old_content":"","_et_gb_content_width":"","footnotes":""},"categories":[37,1],"tags":[],"class_list":["post-9710","post","type-post","status-publish","format-standard","has-post-thumbnail","hentry","category-mdtel","category-sin-categoria"],"yoast_head":"<!-- This site is optimized with the Yoast SEO plugin v24.3 - https:\/\/yoast.com\/wordpress\/plugins\/seo\/ -->\n<title>Entrevista Gracia Moreno, Responsable de Calidad y Medio Ambiente en mdtel | mdtel<\/title>\n<meta name=\"robots\" content=\"index, follow, max-snippet:-1, max-image-preview:large, max-video-preview:-1\" \/>\n<link rel=\"canonical\" href=\"https:\/\/www.mdtel.es\/tech\/entrevista-gracia-moreno-responsable-de-calidad-y-medio-ambiente-en-mdtel\/\" \/>\n<meta property=\"og:locale\" content=\"es_ES\" \/>\n<meta property=\"og:type\" content=\"article\" \/>\n<meta property=\"og:title\" content=\"Entrevista Gracia Moreno, Responsable de Calidad y Medio Ambiente en mdtel | mdtel\" \/>\n<meta property=\"og:description\" content=\"AECIM (empresas del metal de Madrid), como miembro de la Enterprise Europe Network (EEN), ha sido fundamental en el respaldo a\u00a0mdtel en su dedicaci\u00f3n a la sostenibilidad. Nuestra compa\u00f1era Gracia Moreno, responsable de calidad y medioambiente, que ha dirigido las iniciativas de sostenibilidad en\u00a0mdtel, nos cuenta sus impresiones y c\u00f3mo ha beneficiado el apoyo de [&hellip;]\" \/>\n<meta property=\"og:url\" content=\"https:\/\/www.mdtel.es\/tech\/entrevista-gracia-moreno-responsable-de-calidad-y-medio-ambiente-en-mdtel\/\" \/>\n<meta property=\"og:site_name\" content=\"mdtel\" \/>\n<meta property=\"article:published_time\" content=\"2024-09-19T12:52:05+00:00\" \/>\n<meta property=\"article:modified_time\" content=\"2024-09-20T06:11:29+00:00\" \/>\n<meta property=\"og:image\" content=\"https:\/\/www.mdtel.es\/tech\/wp-content\/uploads\/20-aniversario-mdtel-18.png\" \/>\n\t<meta property=\"og:image:width\" content=\"1000\" \/>\n\t<meta property=\"og:image:height\" content=\"550\" \/>\n\t<meta property=\"og:image:type\" content=\"image\/png\" \/>\n<meta name=\"author\" content=\"Raquel Dominguez\" \/>\n<meta name=\"twitter:card\" content=\"summary_large_image\" \/>\n<meta name=\"twitter:label1\" content=\"Escrito por\" \/>\n\t<meta name=\"twitter:data1\" content=\"\" \/>\n\t<meta name=\"twitter:label2\" content=\"Tiempo de lectura\" \/>\n\t<meta name=\"twitter:data2\" content=\"4 minutos\" \/>\n<script type=\"application\/ld+json\" class=\"yoast-schema-graph\">{\"@context\":\"https:\/\/schema.org\",\"@graph\":[{\"@type\":\"Article\",\"@id\":\"https:\/\/www.mdtel.es\/tech\/entrevista-gracia-moreno-responsable-de-calidad-y-medio-ambiente-en-mdtel\/#article\",\"isPartOf\":{\"@id\":\"https:\/\/www.mdtel.es\/tech\/entrevista-gracia-moreno-responsable-de-calidad-y-medio-ambiente-en-mdtel\/\"},\"author\":{\"name\":\"Raquel Dominguez\",\"@id\":\"https:\/\/www.mdtel.es\/tech\/#\/schema\/person\/084435cd278b089b998712350700286b\"},\"headline\":\"Entrevista Gracia Moreno, Responsable de Calidad y Medio Ambiente en mdtel\",\"datePublished\":\"2024-09-19T12:52:05+00:00\",\"dateModified\":\"2024-09-20T06:11:29+00:00\",\"mainEntityOfPage\":{\"@id\":\"https:\/\/www.mdtel.es\/tech\/entrevista-gracia-moreno-responsable-de-calidad-y-medio-ambiente-en-mdtel\/\"},\"wordCount\":860,\"publisher\":{\"@id\":\"https:\/\/www.mdtel.es\/tech\/#organization\"},\"image\":{\"@id\":\"https:\/\/www.mdtel.es\/tech\/entrevista-gracia-moreno-responsable-de-calidad-y-medio-ambiente-en-mdtel\/#primaryimage\"},\"thumbnailUrl\":\"https:\/\/www.mdtel.es\/tech\/wp-content\/uploads\/20-aniversario-mdtel-18.png\",\"articleSection\":[\"mdtel\"],\"inLanguage\":\"es\"},{\"@type\":\"WebPage\",\"@id\":\"https:\/\/www.mdtel.es\/tech\/entrevista-gracia-moreno-responsable-de-calidad-y-medio-ambiente-en-mdtel\/\",\"url\":\"https:\/\/www.mdtel.es\/tech\/entrevista-gracia-moreno-responsable-de-calidad-y-medio-ambiente-en-mdtel\/\",\"name\":\"Entrevista Gracia Moreno, Responsable de Calidad y Medio Ambiente en mdtel | mdtel\",\"isPartOf\":{\"@id\":\"https:\/\/www.mdtel.es\/tech\/#website\"},\"primaryImageOfPage\":{\"@id\":\"https:\/\/www.mdtel.es\/tech\/entrevista-gracia-moreno-responsable-de-calidad-y-medio-ambiente-en-mdtel\/#primaryimage\"},\"image\":{\"@id\":\"https:\/\/www.mdtel.es\/tech\/entrevista-gracia-moreno-responsable-de-calidad-y-medio-ambiente-en-mdtel\/#primaryimage\"},\"thumbnailUrl\":\"https:\/\/www.mdtel.es\/tech\/wp-content\/uploads\/20-aniversario-mdtel-18.png\",\"datePublished\":\"2024-09-19T12:52:05+00:00\",\"dateModified\":\"2024-09-20T06:11:29+00:00\",\"inLanguage\":\"es\",\"potentialAction\":[{\"@type\":\"ReadAction\",\"target\":[\"https:\/\/www.mdtel.es\/tech\/entrevista-gracia-moreno-responsable-de-calidad-y-medio-ambiente-en-mdtel\/\"]}]},{\"@type\":\"ImageObject\",\"inLanguage\":\"es\",\"@id\":\"https:\/\/www.mdtel.es\/tech\/entrevista-gracia-moreno-responsable-de-calidad-y-medio-ambiente-en-mdtel\/#primaryimage\",\"url\":\"https:\/\/www.mdtel.es\/tech\/wp-content\/uploads\/20-aniversario-mdtel-18.png\",\"contentUrl\":\"https:\/\/www.mdtel.es\/tech\/wp-content\/uploads\/20-aniversario-mdtel-18.png\",\"width\":1000,\"height\":550},{\"@type\":\"WebSite\",\"@id\":\"https:\/\/www.mdtel.es\/tech\/#website\",\"url\":\"https:\/\/www.mdtel.es\/tech\/\",\"name\":\"mdtel\",\"description\":\"Telecomunicaciones para empresas\",\"publisher\":{\"@id\":\"https:\/\/www.mdtel.es\/tech\/#organization\"},\"alternateName\":\"Telecomunicaciones para empresas\",\"potentialAction\":[{\"@type\":\"SearchAction\",\"target\":{\"@type\":\"EntryPoint\",\"urlTemplate\":\"https:\/\/www.mdtel.es\/tech\/?s={search_term_string}\"},\"query-input\":{\"@type\":\"PropertyValueSpecification\",\"valueRequired\":true,\"valueName\":\"search_term_string\"}}],\"inLanguage\":\"es\"},{\"@type\":\"Organization\",\"@id\":\"https:\/\/www.mdtel.es\/tech\/#organization\",\"name\":\"mdtel\",\"alternateName\":\"Telecomunicaciones para empresas\",\"url\":\"https:\/\/www.mdtel.es\/tech\/\",\"logo\":{\"@type\":\"ImageObject\",\"inLanguage\":\"es\",\"@id\":\"https:\/\/www.mdtel.es\/tech\/#\/schema\/logo\/image\/\",\"url\":\"https:\/\/www.mdtel.es\/tech\/wp-content\/uploads\/2022\/11\/logo-mdtel.png\",\"contentUrl\":\"https:\/\/www.mdtel.es\/tech\/wp-content\/uploads\/2022\/11\/logo-mdtel.png\",\"width\":177,\"height\":83,\"caption\":\"mdtel\"},\"image\":{\"@id\":\"https:\/\/www.mdtel.es\/tech\/#\/schema\/logo\/image\/\"},\"sameAs\":[\"https:\/\/es.linkedin.com\/company\/mdtelsa\"]},{\"@type\":\"Person\",\"@id\":\"https:\/\/www.mdtel.es\/tech\/#\/schema\/person\/084435cd278b089b998712350700286b\",\"name\":\"Raquel Dominguez\",\"image\":{\"@type\":\"ImageObject\",\"inLanguage\":\"es\",\"@id\":\"https:\/\/www.mdtel.es\/tech\/#\/schema\/person\/image\/\",\"url\":\"https:\/\/secure.gravatar.com\/avatar\/7ce54a04bdb9baf913b14a8f0b976edff9c049f0f531876705a0eb242a08b019?s=96&d=mm&r=g\",\"contentUrl\":\"https:\/\/secure.gravatar.com\/avatar\/7ce54a04bdb9baf913b14a8f0b976edff9c049f0f531876705a0eb242a08b019?s=96&d=mm&r=g\",\"caption\":\"Raquel Dominguez\"},\"url\":\"https:\/\/www.mdtel.es\/tech\/author\/raqueldominguez\/\"}]}<\/script>\n<!-- \/ Yoast SEO plugin. -->","yoast_head_json":{"title":"Entrevista Gracia Moreno, Responsable de Calidad y Medio Ambiente en mdtel | mdtel","robots":{"index":"index","follow":"follow","max-snippet":"max-snippet:-1","max-image-preview":"max-image-preview:large","max-video-preview":"max-video-preview:-1"},"canonical":"https:\/\/www.mdtel.es\/tech\/entrevista-gracia-moreno-responsable-de-calidad-y-medio-ambiente-en-mdtel\/","og_locale":"es_ES","og_type":"article","og_title":"Entrevista Gracia Moreno, Responsable de Calidad y Medio Ambiente en mdtel | mdtel","og_description":"AECIM (empresas del metal de Madrid), como miembro de la Enterprise Europe Network (EEN), ha sido fundamental en el respaldo a\u00a0mdtel en su dedicaci\u00f3n a la sostenibilidad. Nuestra compa\u00f1era Gracia Moreno, responsable de calidad y medioambiente, que ha dirigido las iniciativas de sostenibilidad en\u00a0mdtel, nos cuenta sus impresiones y c\u00f3mo ha beneficiado el apoyo de [&hellip;]","og_url":"https:\/\/www.mdtel.es\/tech\/entrevista-gracia-moreno-responsable-de-calidad-y-medio-ambiente-en-mdtel\/","og_site_name":"mdtel","article_published_time":"2024-09-19T12:52:05+00:00","article_modified_time":"2024-09-20T06:11:29+00:00","og_image":[{"width":1000,"height":550,"url":"https:\/\/www.mdtel.es\/tech\/wp-content\/uploads\/20-aniversario-mdtel-18.png","type":"image\/png"}],"author":"Raquel Dominguez","twitter_card":"summary_large_image","twitter_misc":{"Escrito por":false,"Tiempo de lectura":"4 minutos"},"schema":{"@context":"https:\/\/schema.org","@graph":[{"@type":"Article","@id":"https:\/\/www.mdtel.es\/tech\/entrevista-gracia-moreno-responsable-de-calidad-y-medio-ambiente-en-mdtel\/#article","isPartOf":{"@id":"https:\/\/www.mdtel.es\/tech\/entrevista-gracia-moreno-responsable-de-calidad-y-medio-ambiente-en-mdtel\/"},"author":{"name":"Raquel Dominguez","@id":"https:\/\/www.mdtel.es\/tech\/#\/schema\/person\/084435cd278b089b998712350700286b"},"headline":"Entrevista Gracia Moreno, Responsable de Calidad y Medio Ambiente en mdtel","datePublished":"2024-09-19T12:52:05+00:00","dateModified":"2024-09-20T06:11:29+00:00","mainEntityOfPage":{"@id":"https:\/\/www.mdtel.es\/tech\/entrevista-gracia-moreno-responsable-de-calidad-y-medio-ambiente-en-mdtel\/"},"wordCount":860,"publisher":{"@id":"https:\/\/www.mdtel.es\/tech\/#organization"},"image":{"@id":"https:\/\/www.mdtel.es\/tech\/entrevista-gracia-moreno-responsable-de-calidad-y-medio-ambiente-en-mdtel\/#primaryimage"},"thumbnailUrl":"https:\/\/www.mdtel.es\/tech\/wp-content\/uploads\/20-aniversario-mdtel-18.png","articleSection":["mdtel"],"inLanguage":"es"},{"@type":"WebPage","@id":"https:\/\/www.mdtel.es\/tech\/entrevista-gracia-moreno-responsable-de-calidad-y-medio-ambiente-en-mdtel\/","url":"https:\/\/www.mdtel.es\/tech\/entrevista-gracia-moreno-responsable-de-calidad-y-medio-ambiente-en-mdtel\/","name":"Entrevista Gracia Moreno, Responsable de Calidad y Medio Ambiente en mdtel | mdtel","isPartOf":{"@id":"https:\/\/www.mdtel.es\/tech\/#website"},"primaryImageOfPage":{"@id":"https:\/\/www.mdtel.es\/tech\/entrevista-gracia-moreno-responsable-de-calidad-y-medio-ambiente-en-mdtel\/#primaryimage"},"image":{"@id":"https:\/\/www.mdtel.es\/tech\/entrevista-gracia-moreno-responsable-de-calidad-y-medio-ambiente-en-mdtel\/#primaryimage"},"thumbnailUrl":"https:\/\/www.mdtel.es\/tech\/wp-content\/uploads\/20-aniversario-mdtel-18.png","datePublished":"2024-09-19T12:52:05+00:00","dateModified":"2024-09-20T06:11:29+00:00","inLanguage":"es","potentialAction":[{"@type":"ReadAction","target":["https:\/\/www.mdtel.es\/tech\/entrevista-gracia-moreno-responsable-de-calidad-y-medio-ambiente-en-mdtel\/"]}]},{"@type":"ImageObject","inLanguage":"es","@id":"https:\/\/www.mdtel.es\/tech\/entrevista-gracia-moreno-responsable-de-calidad-y-medio-ambiente-en-mdtel\/#primaryimage","url":"https:\/\/www.mdtel.es\/tech\/wp-content\/uploads\/20-aniversario-mdtel-18.png","contentUrl":"https:\/\/www.mdtel.es\/tech\/wp-content\/uploads\/20-aniversario-mdtel-18.png","width":1000,"height":550},{"@type":"WebSite","@id":"https:\/\/www.mdtel.es\/tech\/#website","url":"https:\/\/www.mdtel.es\/tech\/","name":"mdtel","description":"Telecomunicaciones para empresas","publisher":{"@id":"https:\/\/www.mdtel.es\/tech\/#organization"},"alternateName":"Telecomunicaciones para empresas","potentialAction":[{"@type":"SearchAction","target":{"@type":"EntryPoint","urlTemplate":"https:\/\/www.mdtel.es\/tech\/?s={search_term_string}"},"query-input":{"@type":"PropertyValueSpecification","valueRequired":true,"valueName":"search_term_string"}}],"inLanguage":"es"},{"@type":"Organization","@id":"https:\/\/www.mdtel.es\/tech\/#organization","name":"mdtel","alternateName":"Telecomunicaciones para empresas","url":"https:\/\/www.mdtel.es\/tech\/","logo":{"@type":"ImageObject","inLanguage":"es","@id":"https:\/\/www.mdtel.es\/tech\/#\/schema\/logo\/image\/","url":"https:\/\/www.mdtel.es\/tech\/wp-content\/uploads\/2022\/11\/logo-mdtel.png","contentUrl":"https:\/\/www.mdtel.es\/tech\/wp-content\/uploads\/2022\/11\/logo-mdtel.png","width":177,"height":83,"caption":"mdtel"},"image":{"@id":"https:\/\/www.mdtel.es\/tech\/#\/schema\/logo\/image\/"},"sameAs":["https:\/\/es.linkedin.com\/company\/mdtelsa"]},{"@type":"Person","@id":"https:\/\/www.mdtel.es\/tech\/#\/schema\/person\/084435cd278b089b998712350700286b","name":"Raquel Dominguez","image":{"@type":"ImageObject","inLanguage":"es","@id":"https:\/\/www.mdtel.es\/tech\/#\/schema\/person\/image\/","url":"https:\/\/secure.gravatar.com\/avatar\/7ce54a04bdb9baf913b14a8f0b976edff9c049f0f531876705a0eb242a08b019?s=96&d=mm&r=g","contentUrl":"https:\/\/secure.gravatar.com\/avatar\/7ce54a04bdb9baf913b14a8f0b976edff9c049f0f531876705a0eb242a08b019?s=96&d=mm&r=g","caption":"Raquel Dominguez"},"url":"https:\/\/www.mdtel.es\/tech\/author\/raqueldominguez\/"}]}},"_links":{"self":[{"href":"https:\/\/www.mdtel.es\/tech\/wp-json\/wp\/v2\/posts\/9710","targetHints":{"allow":["GET"]}}],"collection":[{"href":"https:\/\/www.mdtel.es\/tech\/wp-json\/wp\/v2\/posts"}],"about":[{"href":"https:\/\/www.mdtel.es\/tech\/wp-json\/wp\/v2\/types\/post"}],"author":[{"embeddable":true,"href":"https:\/\/www.mdtel.es\/tech\/wp-json\/wp\/v2\/users\/6"}],"replies":[{"embeddable":true,"href":"https:\/\/www.mdtel.es\/tech\/wp-json\/wp\/v2\/comments?post=9710"}],"version-history":[{"count":7,"href":"https:\/\/www.mdtel.es\/tech\/wp-json\/wp\/v2\/posts\/9710\/revisions"}],"predecessor-version":[{"id":9727,"href":"https:\/\/www.mdtel.es\/tech\/wp-json\/wp\/v2\/posts\/9710\/revisions\/9727"}],"wp:featuredmedia":[{"embeddable":true,"href":"https:\/\/www.mdtel.es\/tech\/wp-json\/wp\/v2\/media\/9723"}],"wp:attachment":[{"href":"https:\/\/www.mdtel.es\/tech\/wp-json\/wp\/v2\/media?parent=9710"}],"wp:term":[{"taxonomy":"category","embeddable":true,"href":"https:\/\/www.mdtel.es\/tech\/wp-json\/wp\/v2\/categories?post=9710"},{"taxonomy":"post_tag","embeddable":true,"href":"https:\/\/www.mdtel.es\/tech\/wp-json\/wp\/v2\/tags?post=9710"}],"curies":[{"name":"wp","href":"https:\/\/api.w.org\/{rel}","templated":true}]}}