{"id":9333,"date":"2024-05-10T10:50:06","date_gmt":"2024-05-10T08:50:06","guid":{"rendered":"https:\/\/www.mdtel.es\/tech\/?p=9333"},"modified":"2024-09-19T15:16:01","modified_gmt":"2024-09-19T13:16:01","slug":"entrevista-paco-franco-gistau","status":"publish","type":"post","link":"https:\/\/www.mdtel.es\/tech\/entrevista-paco-franco-gistau\/","title":{"rendered":"Entrevista Paco Franco Gistau"},"content":{"rendered":"\n[et_pb_section fb_built=\u00bb1&#8243; _builder_version=\u00bb4.24.0&#8243; _module_preset=\u00bbdefault\u00bb global_colors_info=\u00bb{}\u00bb][et_pb_row _builder_version=\u00bb4.24.0&#8243; _module_preset=\u00bbdefault\u00bb hover_enabled=\u00bb0&#8243; global_colors_info=\u00bb{}\u00bb sticky_enabled=\u00bb0&#8243;][et_pb_column type=\u00bb4_4&#8243; _builder_version=\u00bb4.24.0&#8243; _module_preset=\u00bbdefault\u00bb global_colors_info=\u00bb{}\u00bb][et_pb_text _builder_version=\u00bb4.25.0&#8243; _module_preset=\u00bbdefault\u00bb hover_enabled=\u00bb0&#8243; global_colors_info=\u00bb{}\u00bb sticky_enabled=\u00bb0&#8243;]<div class=\"addtoany_share_save_container addtoany_content addtoany_content_top\">\n<div class=\"a2a_kit a2a_kit_size_32 addtoany_list\" data-a2a-url=\"https:\/\/www.relacioncliente.es\/entrevistamos-a-paco-franco-ceo-de-mdtel-2\/\" data-a2a-title=\"Entrevistamos a Paco Franco Gistau, como nuevo CEO de mdtel\"><\/div>\n<\/div>\n<p>Paco Franco, CEO de<span>\u00a0<\/span><strong><em>md<\/em><\/strong>tel valora esta paso en su carrera profesional como un hito significativo y un reto que asume con entusiasmo y mucha ilusi\u00f3n. \u00ab<em>Es una oportunidad emocionante\u00a0 tanto a nivel personal como profesional<span>\u00a0<\/span><a href=\"https:\/\/www.relacioncliente.es\/mdtel-celebra-20-anos-mercado\/\" target=\"_blank\" rel=\"noopener\">coger las riendas de<span>\u00a0<\/span><strong>md<\/strong>tel despu\u00e9s de 20 a\u00f1os de trayectoria,<\/a><span>\u00a0<\/span>aunque la he seguido desde el Consejo. Personalmente, es un honor liderar una compa\u00f1\u00eda de profesionales de primer nivel, formados y con una organizaci\u00f3n perfecta para responder a las exigencias de nuestros clientes. Desde el punto de vista profesional, supone un reto tomar contacto con las tecnolog\u00edas punteras de ciberseguridad y de inteligencia artificial que estamos ofreciendo. Sin duda, es un desaf\u00edo que me inspira a crecer y superarme constantemente. Quiero agradecer especialmente a mi antecesor,<span>\u00a0<\/span><a href=\"https:\/\/www.relacioncliente.es\/javier-garcia-mdtel-caracter-innovador-con-propuesta-en-evolucion\/\" target=\"_blank\" rel=\"noopener\">Javier Garc\u00eda<\/a>, sus a\u00f1os de intensa dedicaci\u00f3n que han situado a<span>\u00a0<\/span><strong>md<\/strong>tel como una de las compa\u00f1\u00edas de referencia en el sector<\/em>\u00ab, se\u00f1ala Paco Franco.<\/p>\n<p><strong>Relaci\u00f3n Cliente: \u00bfAlg\u00fan punto espec\u00edfico que crea que hay que trabajar de una manera especial en la estrategia de la compa\u00f1\u00eda?<\/strong><\/p>\n<p><strong>Paco Franco:<a href=\"https:\/\/www.mdtel.es\/tech\/\" target=\"_blank\" rel=\"noopener\"><em><span>\u00a0<\/span>md<\/em><\/a><\/strong>tel es una compa\u00f1\u00eda que se dirige al mercado de las medianas y grandes empresas y a la administraci\u00f3n p\u00fablica. Claramente, tenemos que seguir la senda de la<span>\u00a0<\/span><strong>innovaci\u00f3n<\/strong><span>\u00a0<\/span>marcada hace 20 a\u00f1os, que nos ha permitido generar las unidades actuales de comunicaciones unificadas y contact center, de ciberseguridad y de audiovisuales, sin olvidar toda la l\u00ednea fundacional de infraestructuras tecnol\u00f3gicas de telecomunicaciones. Estoy participando activamente en los grupos de innovaci\u00f3n de las tres unidades de negocio y ampliando las partidas presupuestarias correspondientes.<\/p>\n<p>Nuestra<span>\u00a0<\/span><strong>Software Factory<\/strong><span>\u00a0<\/span>tiene que seguir creando productos que mejoren el d\u00eda a d\u00eda de nuestros clientes incorporando los beneficios que aporta la inteligencia artificial.<\/p>\n<p>Adem\u00e1s, debemos asegurarnos de mantener un excelente servicio al cliente en todas las etapas, desde las primeras consultas iniciales hasta la implementaci\u00f3n y el soporte continuo. La satisfacci\u00f3n del cliente es clave para mantener relaciones comerciales s\u00f3lidas y construir una reputaci\u00f3n positiva en el mercado.<\/p>\n<p><strong>Relaci\u00f3n Cliente: \u00bfCu\u00e1les cree que son las bazas fundamentales que hacen diferente a<span>\u00a0<\/span><em>md<\/em>tel en el mercado de los contact centers?<a href=\"https:\/\/www.relacioncliente.es\/wp-content\/uploads\/2024\/04\/OrdenadorRC_Paco-Franco.jpg\"><img loading=\"lazy\" decoding=\"async\" class=\"alignright size-medium wp-image-98792 lazyload\" data-src=\"https:\/\/www.relacioncliente.es\/wp-content\/uploads\/2024\/04\/OrdenadorRC_Paco-Franco-300x163.jpg\" alt=\"Paco Franco\" width=\"300\" height=\"163\" data-srcset=\"https:\/\/www.relacioncliente.es\/wp-content\/uploads\/2024\/04\/OrdenadorRC_Paco-Franco-300x163.jpg 300w, https:\/\/www.relacioncliente.es\/wp-content\/uploads\/2024\/04\/OrdenadorRC_Paco-Franco.jpg 535w\" data-sizes=\"(max-width: 300px) 100vw, 300px\" src=\"data:image\/gif;base64,R0lGODlhAQABAAAAACH5BAEKAAEALAAAAAABAAEAAAICTAEAOw==\" style=\"--smush-placeholder-width: 300px; --smush-placeholder-aspect-ratio: 300\/163;\" \/><noscript><img loading=\"lazy\" decoding=\"async\" class=\"alignright size-medium wp-image-98792\" src=\"https:\/\/www.relacioncliente.es\/wp-content\/uploads\/2024\/04\/OrdenadorRC_Paco-Franco-300x163.jpg\" alt=\"Paco Franco\" width=\"300\" height=\"163\" srcset=\"https:\/\/www.relacioncliente.es\/wp-content\/uploads\/2024\/04\/OrdenadorRC_Paco-Franco-300x163.jpg 300w, https:\/\/www.relacioncliente.es\/wp-content\/uploads\/2024\/04\/OrdenadorRC_Paco-Franco.jpg 535w\" sizes=\"(max-width: 300px) 100vw, 300px\" \/><\/noscript><\/a><\/strong><\/p>\n<p><strong>Paco Franco:<span>\u00a0<\/span><em>md<\/em><\/strong>tel se distingue claramente en el mercado de los contact centers por la fortaleza de sus cuatro l\u00edneas de negocio y por invertir intensamente en una Software Factory para desarrollar productos propios que nos sit\u00faen en un escal\u00f3n superior para abordar proyectos complejos. OmniSuite como soluci\u00f3n innovadora de contact center, re\u00fane multitud de funcionalidades que lo hacen tremendamente competitivo con relaci\u00f3n a cualquier otra soluci\u00f3n y permite acercar todav\u00eda m\u00e1s la soluci\u00f3n a las necesidades concretas de cada cliente, con desarrollos espec\u00edficos si hicieran falta.<\/p>\n<p>Tambi\u00e9n es importante destacar nuestro foco en el<span>\u00a0<\/span><em>compliance<\/em>, que nos ha llevado a certificarnos en el<span>\u00a0<\/span><a href=\"https:\/\/www.relacioncliente.es\/mdtel-renueva-certificacion-esquema-nacional-seguridad\/\" target=\"_blank\" rel=\"noopener\">Esquema Nacional de Seguridad<\/a><span>\u00a0<\/span>en su nivel m\u00e1s alto, en distintas ISOs que garantizan el mejor servicio a nuestros clientes y en la participaci\u00f3n en muchos SDAs de la administraci\u00f3n p\u00fablica.<\/p>\n<p>No menos importante es que todas nuestras soluciones est\u00e1n auditadas y libres de vulnerabilidades gracias a los servicios internos de nuestra divisi\u00f3n de ciberseguridad. Nuestro compromiso con la seguridad cibern\u00e9tica y la protecci\u00f3n de datos nos coloca en una posici\u00f3n \u00fanica en el mercado de los contact centers. Implementamos rigurosas medidas para garantizar la confidencialidad y la integridad de la informaci\u00f3n de nuestros clientes y sus usuarios finales. Nuestra soluci\u00f3n es \u00fanica para cada cliente con instancias dedicadas, conocidas y espec\u00edficas.<\/p>\n<p><strong>Relaci\u00f3n Cliente: \u00bfAlgunas novedades en las que se est\u00e9 trabajando?<\/strong><\/p>\n<p><strong>Paco Franco:<span>\u00a0<\/span><\/strong>En<span>\u00a0<\/span><strong><em>md<\/em><\/strong>tel disponemos de un sistema de innovaci\u00f3n que garantiza la mejora de nuestras soluciones en el mercado de los contact centers, unido a la ciberseguridad.<\/p>\n<p>Nuestra soluci\u00f3n ya estaba conectada a sistemas de inteligencia artificial, pero recientemente y para una importante administraci\u00f3n p\u00fablica, hemos desplegado un servicio de traducci\u00f3n en tiempo real de todas las conversaciones, pudiendo atender a los usuarios en m\u00e1s de 125 idiomas distintos.<\/p>\n<p>Tambi\u00e9n acabamos de lanzar una soluci\u00f3n de WFM totalmente vinculada a nuestro software OmniSuite o incluso compatible con cualquier otro software del mercado, de forma que se pueda planificar con inteligencia artificial el dimensionamiento de agentes de una plataforma, seg\u00fan hist\u00f3ricos.<\/p>\n<p>Estas son solo algunas de las novedades en las que estamos trabajando en<span>\u00a0<\/span><strong><em>md<\/em><\/strong>tel. Seguimos comprometidos con la innovaci\u00f3n continua y estamos emocionados por compartir estas nuevas soluciones con nuestros clientes.<\/p>\n<p><strong>Relaci\u00f3n Cliente: Pensando m\u00e1s en el medio y largo plazo, \u00bfcu\u00e1les son los objetivos de la compa\u00f1\u00eda?\u00a0<\/strong><\/p>\n<p><strong>Paco Franco:<\/strong><span>\u00a0<\/span>Los objetivos de<span>\u00a0<\/span><strong><em>md<\/em><\/strong>tel se centran en consolidarnos como l\u00edderes en el mercado de los contact centers, las comunicaciones unificadas y la ciberseguridad, mientras continuamos proporcionando soluciones innovadoras y de vanguardia a nuestros clientes.<\/p>\n<p>Estamos poniendo foco en una expansi\u00f3n global con el objetivo de tener presencia en nuevos canales y en los mercados internacionales clave, aprovechando nuestras soluciones para atender las necesidades de clientes globales.<\/p>\n<p>Adem\u00e1s, nos comprometemos a cooperar de manera \u00e9tica y sostenible, minimizando nuestro impacto en el medio ambiente gracias a nuestro compromiso de Responsabilidad Social Corporativa y Medioambiental que llevamos a cabo desde<span>\u00a0<\/span><strong><em>md<\/em><\/strong>tel.<\/p>\n<p>En resumen, la innovaci\u00f3n y la excelencia en el servicio al cliente sigue siendo fundamental para asegurar un futuro s\u00f3lido y sostenible para<span>\u00a0<\/span><strong><em>md<\/em><\/strong>tel.<\/p>[\/et_pb_text][\/et_pb_column][\/et_pb_row][\/et_pb_section]\n","protected":false},"excerpt":{"rendered":"<p>Paco Franco, CEO de\u00a0mdtel valora esta paso en su carrera profesional como un hito significativo y un reto que asume con entusiasmo y mucha ilusi\u00f3n. \u00abEs una oportunidad emocionante\u00a0 tanto a nivel personal como profesional\u00a0coger las riendas de\u00a0mdtel despu\u00e9s de 20 a\u00f1os de trayectoria,\u00a0aunque la he seguido desde el Consejo. Personalmente, es un honor liderar [&hellip;]<\/p>\n","protected":false},"author":6,"featured_media":9623,"comment_status":"closed","ping_status":"open","sticky":false,"template":"","format":"standard","meta":{"_et_pb_use_builder":"on","_et_pb_old_content":"","_et_gb_content_width":"","footnotes":""},"categories":[37],"tags":[],"class_list":["post-9333","post","type-post","status-publish","format-standard","has-post-thumbnail","hentry","category-mdtel"],"yoast_head":"<!-- This site is optimized with the Yoast SEO plugin v24.3 - https:\/\/yoast.com\/wordpress\/plugins\/seo\/ -->\n<title>Entrevista Paco Franco Gistau | mdtel<\/title>\n<meta name=\"robots\" content=\"index, follow, max-snippet:-1, max-image-preview:large, max-video-preview:-1\" \/>\n<link rel=\"canonical\" href=\"https:\/\/www.mdtel.es\/tech\/entrevista-paco-franco-gistau\/\" \/>\n<meta property=\"og:locale\" content=\"es_ES\" \/>\n<meta property=\"og:type\" content=\"article\" \/>\n<meta property=\"og:title\" content=\"Entrevista Paco Franco Gistau | mdtel\" \/>\n<meta property=\"og:description\" content=\"Paco Franco, CEO de\u00a0mdtel valora esta paso en su carrera profesional como un hito significativo y un reto que asume con entusiasmo y mucha ilusi\u00f3n. \u00abEs una oportunidad emocionante\u00a0 tanto a nivel personal como profesional\u00a0coger las riendas de\u00a0mdtel despu\u00e9s de 20 a\u00f1os de trayectoria,\u00a0aunque la he seguido desde el Consejo. Personalmente, es un honor liderar [&hellip;]\" \/>\n<meta property=\"og:url\" content=\"https:\/\/www.mdtel.es\/tech\/entrevista-paco-franco-gistau\/\" \/>\n<meta property=\"og:site_name\" content=\"mdtel\" \/>\n<meta property=\"article:published_time\" content=\"2024-05-10T08:50:06+00:00\" \/>\n<meta property=\"article:modified_time\" content=\"2024-09-19T13:16:01+00:00\" \/>\n<meta property=\"og:image\" content=\"https:\/\/www.mdtel.es\/tech\/wp-content\/uploads\/20-aniversario-mdtel-13.png\" \/>\n\t<meta property=\"og:image:width\" content=\"1000\" \/>\n\t<meta property=\"og:image:height\" content=\"550\" \/>\n\t<meta property=\"og:image:type\" content=\"image\/png\" \/>\n<meta name=\"author\" content=\"Raquel Dominguez\" \/>\n<meta name=\"twitter:card\" content=\"summary_large_image\" \/>\n<meta name=\"twitter:label1\" content=\"Escrito por\" \/>\n\t<meta name=\"twitter:data1\" content=\"\" \/>\n\t<meta name=\"twitter:label2\" content=\"Tiempo de lectura\" \/>\n\t<meta name=\"twitter:data2\" content=\"5 minutos\" \/>\n<script type=\"application\/ld+json\" class=\"yoast-schema-graph\">{\"@context\":\"https:\/\/schema.org\",\"@graph\":[{\"@type\":\"Article\",\"@id\":\"https:\/\/www.mdtel.es\/tech\/entrevista-paco-franco-gistau\/#article\",\"isPartOf\":{\"@id\":\"https:\/\/www.mdtel.es\/tech\/entrevista-paco-franco-gistau\/\"},\"author\":{\"name\":\"Raquel Dominguez\",\"@id\":\"https:\/\/www.mdtel.es\/tech\/#\/schema\/person\/084435cd278b089b998712350700286b\"},\"headline\":\"Entrevista Paco Franco Gistau\",\"datePublished\":\"2024-05-10T08:50:06+00:00\",\"dateModified\":\"2024-09-19T13:16:01+00:00\",\"mainEntityOfPage\":{\"@id\":\"https:\/\/www.mdtel.es\/tech\/entrevista-paco-franco-gistau\/\"},\"wordCount\":1009,\"publisher\":{\"@id\":\"https:\/\/www.mdtel.es\/tech\/#organization\"},\"image\":{\"@id\":\"https:\/\/www.mdtel.es\/tech\/entrevista-paco-franco-gistau\/#primaryimage\"},\"thumbnailUrl\":\"https:\/\/www.mdtel.es\/tech\/wp-content\/uploads\/20-aniversario-mdtel-13.png\",\"articleSection\":[\"mdtel\"],\"inLanguage\":\"es\"},{\"@type\":\"WebPage\",\"@id\":\"https:\/\/www.mdtel.es\/tech\/entrevista-paco-franco-gistau\/\",\"url\":\"https:\/\/www.mdtel.es\/tech\/entrevista-paco-franco-gistau\/\",\"name\":\"Entrevista Paco Franco Gistau | mdtel\",\"isPartOf\":{\"@id\":\"https:\/\/www.mdtel.es\/tech\/#website\"},\"primaryImageOfPage\":{\"@id\":\"https:\/\/www.mdtel.es\/tech\/entrevista-paco-franco-gistau\/#primaryimage\"},\"image\":{\"@id\":\"https:\/\/www.mdtel.es\/tech\/entrevista-paco-franco-gistau\/#primaryimage\"},\"thumbnailUrl\":\"https:\/\/www.mdtel.es\/tech\/wp-content\/uploads\/20-aniversario-mdtel-13.png\",\"datePublished\":\"2024-05-10T08:50:06+00:00\",\"dateModified\":\"2024-09-19T13:16:01+00:00\",\"inLanguage\":\"es\",\"potentialAction\":[{\"@type\":\"ReadAction\",\"target\":[\"https:\/\/www.mdtel.es\/tech\/entrevista-paco-franco-gistau\/\"]}]},{\"@type\":\"ImageObject\",\"inLanguage\":\"es\",\"@id\":\"https:\/\/www.mdtel.es\/tech\/entrevista-paco-franco-gistau\/#primaryimage\",\"url\":\"https:\/\/www.mdtel.es\/tech\/wp-content\/uploads\/20-aniversario-mdtel-13.png\",\"contentUrl\":\"https:\/\/www.mdtel.es\/tech\/wp-content\/uploads\/20-aniversario-mdtel-13.png\",\"width\":1000,\"height\":550},{\"@type\":\"WebSite\",\"@id\":\"https:\/\/www.mdtel.es\/tech\/#website\",\"url\":\"https:\/\/www.mdtel.es\/tech\/\",\"name\":\"mdtel\",\"description\":\"Telecomunicaciones para empresas\",\"publisher\":{\"@id\":\"https:\/\/www.mdtel.es\/tech\/#organization\"},\"alternateName\":\"Telecomunicaciones para empresas\",\"potentialAction\":[{\"@type\":\"SearchAction\",\"target\":{\"@type\":\"EntryPoint\",\"urlTemplate\":\"https:\/\/www.mdtel.es\/tech\/?s={search_term_string}\"},\"query-input\":{\"@type\":\"PropertyValueSpecification\",\"valueRequired\":true,\"valueName\":\"search_term_string\"}}],\"inLanguage\":\"es\"},{\"@type\":\"Organization\",\"@id\":\"https:\/\/www.mdtel.es\/tech\/#organization\",\"name\":\"mdtel\",\"alternateName\":\"Telecomunicaciones para empresas\",\"url\":\"https:\/\/www.mdtel.es\/tech\/\",\"logo\":{\"@type\":\"ImageObject\",\"inLanguage\":\"es\",\"@id\":\"https:\/\/www.mdtel.es\/tech\/#\/schema\/logo\/image\/\",\"url\":\"https:\/\/www.mdtel.es\/tech\/wp-content\/uploads\/2022\/11\/logo-mdtel.png\",\"contentUrl\":\"https:\/\/www.mdtel.es\/tech\/wp-content\/uploads\/2022\/11\/logo-mdtel.png\",\"width\":177,\"height\":83,\"caption\":\"mdtel\"},\"image\":{\"@id\":\"https:\/\/www.mdtel.es\/tech\/#\/schema\/logo\/image\/\"},\"sameAs\":[\"https:\/\/es.linkedin.com\/company\/mdtelsa\"]},{\"@type\":\"Person\",\"@id\":\"https:\/\/www.mdtel.es\/tech\/#\/schema\/person\/084435cd278b089b998712350700286b\",\"name\":\"Raquel Dominguez\",\"image\":{\"@type\":\"ImageObject\",\"inLanguage\":\"es\",\"@id\":\"https:\/\/www.mdtel.es\/tech\/#\/schema\/person\/image\/\",\"url\":\"https:\/\/secure.gravatar.com\/avatar\/7ce54a04bdb9baf913b14a8f0b976edff9c049f0f531876705a0eb242a08b019?s=96&d=mm&r=g\",\"contentUrl\":\"https:\/\/secure.gravatar.com\/avatar\/7ce54a04bdb9baf913b14a8f0b976edff9c049f0f531876705a0eb242a08b019?s=96&d=mm&r=g\",\"caption\":\"Raquel Dominguez\"},\"url\":\"https:\/\/www.mdtel.es\/tech\/author\/raqueldominguez\/\"}]}<\/script>\n<!-- \/ Yoast SEO plugin. -->","yoast_head_json":{"title":"Entrevista Paco Franco Gistau | mdtel","robots":{"index":"index","follow":"follow","max-snippet":"max-snippet:-1","max-image-preview":"max-image-preview:large","max-video-preview":"max-video-preview:-1"},"canonical":"https:\/\/www.mdtel.es\/tech\/entrevista-paco-franco-gistau\/","og_locale":"es_ES","og_type":"article","og_title":"Entrevista Paco Franco Gistau | mdtel","og_description":"Paco Franco, CEO de\u00a0mdtel valora esta paso en su carrera profesional como un hito significativo y un reto que asume con entusiasmo y mucha ilusi\u00f3n. \u00abEs una oportunidad emocionante\u00a0 tanto a nivel personal como profesional\u00a0coger las riendas de\u00a0mdtel despu\u00e9s de 20 a\u00f1os de trayectoria,\u00a0aunque la he seguido desde el Consejo. Personalmente, es un honor liderar [&hellip;]","og_url":"https:\/\/www.mdtel.es\/tech\/entrevista-paco-franco-gistau\/","og_site_name":"mdtel","article_published_time":"2024-05-10T08:50:06+00:00","article_modified_time":"2024-09-19T13:16:01+00:00","og_image":[{"width":1000,"height":550,"url":"https:\/\/www.mdtel.es\/tech\/wp-content\/uploads\/20-aniversario-mdtel-13.png","type":"image\/png"}],"author":"Raquel Dominguez","twitter_card":"summary_large_image","twitter_misc":{"Escrito por":false,"Tiempo de lectura":"5 minutos"},"schema":{"@context":"https:\/\/schema.org","@graph":[{"@type":"Article","@id":"https:\/\/www.mdtel.es\/tech\/entrevista-paco-franco-gistau\/#article","isPartOf":{"@id":"https:\/\/www.mdtel.es\/tech\/entrevista-paco-franco-gistau\/"},"author":{"name":"Raquel Dominguez","@id":"https:\/\/www.mdtel.es\/tech\/#\/schema\/person\/084435cd278b089b998712350700286b"},"headline":"Entrevista Paco Franco Gistau","datePublished":"2024-05-10T08:50:06+00:00","dateModified":"2024-09-19T13:16:01+00:00","mainEntityOfPage":{"@id":"https:\/\/www.mdtel.es\/tech\/entrevista-paco-franco-gistau\/"},"wordCount":1009,"publisher":{"@id":"https:\/\/www.mdtel.es\/tech\/#organization"},"image":{"@id":"https:\/\/www.mdtel.es\/tech\/entrevista-paco-franco-gistau\/#primaryimage"},"thumbnailUrl":"https:\/\/www.mdtel.es\/tech\/wp-content\/uploads\/20-aniversario-mdtel-13.png","articleSection":["mdtel"],"inLanguage":"es"},{"@type":"WebPage","@id":"https:\/\/www.mdtel.es\/tech\/entrevista-paco-franco-gistau\/","url":"https:\/\/www.mdtel.es\/tech\/entrevista-paco-franco-gistau\/","name":"Entrevista Paco Franco Gistau | mdtel","isPartOf":{"@id":"https:\/\/www.mdtel.es\/tech\/#website"},"primaryImageOfPage":{"@id":"https:\/\/www.mdtel.es\/tech\/entrevista-paco-franco-gistau\/#primaryimage"},"image":{"@id":"https:\/\/www.mdtel.es\/tech\/entrevista-paco-franco-gistau\/#primaryimage"},"thumbnailUrl":"https:\/\/www.mdtel.es\/tech\/wp-content\/uploads\/20-aniversario-mdtel-13.png","datePublished":"2024-05-10T08:50:06+00:00","dateModified":"2024-09-19T13:16:01+00:00","inLanguage":"es","potentialAction":[{"@type":"ReadAction","target":["https:\/\/www.mdtel.es\/tech\/entrevista-paco-franco-gistau\/"]}]},{"@type":"ImageObject","inLanguage":"es","@id":"https:\/\/www.mdtel.es\/tech\/entrevista-paco-franco-gistau\/#primaryimage","url":"https:\/\/www.mdtel.es\/tech\/wp-content\/uploads\/20-aniversario-mdtel-13.png","contentUrl":"https:\/\/www.mdtel.es\/tech\/wp-content\/uploads\/20-aniversario-mdtel-13.png","width":1000,"height":550},{"@type":"WebSite","@id":"https:\/\/www.mdtel.es\/tech\/#website","url":"https:\/\/www.mdtel.es\/tech\/","name":"mdtel","description":"Telecomunicaciones para empresas","publisher":{"@id":"https:\/\/www.mdtel.es\/tech\/#organization"},"alternateName":"Telecomunicaciones para empresas","potentialAction":[{"@type":"SearchAction","target":{"@type":"EntryPoint","urlTemplate":"https:\/\/www.mdtel.es\/tech\/?s={search_term_string}"},"query-input":{"@type":"PropertyValueSpecification","valueRequired":true,"valueName":"search_term_string"}}],"inLanguage":"es"},{"@type":"Organization","@id":"https:\/\/www.mdtel.es\/tech\/#organization","name":"mdtel","alternateName":"Telecomunicaciones para empresas","url":"https:\/\/www.mdtel.es\/tech\/","logo":{"@type":"ImageObject","inLanguage":"es","@id":"https:\/\/www.mdtel.es\/tech\/#\/schema\/logo\/image\/","url":"https:\/\/www.mdtel.es\/tech\/wp-content\/uploads\/2022\/11\/logo-mdtel.png","contentUrl":"https:\/\/www.mdtel.es\/tech\/wp-content\/uploads\/2022\/11\/logo-mdtel.png","width":177,"height":83,"caption":"mdtel"},"image":{"@id":"https:\/\/www.mdtel.es\/tech\/#\/schema\/logo\/image\/"},"sameAs":["https:\/\/es.linkedin.com\/company\/mdtelsa"]},{"@type":"Person","@id":"https:\/\/www.mdtel.es\/tech\/#\/schema\/person\/084435cd278b089b998712350700286b","name":"Raquel Dominguez","image":{"@type":"ImageObject","inLanguage":"es","@id":"https:\/\/www.mdtel.es\/tech\/#\/schema\/person\/image\/","url":"https:\/\/secure.gravatar.com\/avatar\/7ce54a04bdb9baf913b14a8f0b976edff9c049f0f531876705a0eb242a08b019?s=96&d=mm&r=g","contentUrl":"https:\/\/secure.gravatar.com\/avatar\/7ce54a04bdb9baf913b14a8f0b976edff9c049f0f531876705a0eb242a08b019?s=96&d=mm&r=g","caption":"Raquel Dominguez"},"url":"https:\/\/www.mdtel.es\/tech\/author\/raqueldominguez\/"}]}},"_links":{"self":[{"href":"https:\/\/www.mdtel.es\/tech\/wp-json\/wp\/v2\/posts\/9333","targetHints":{"allow":["GET"]}}],"collection":[{"href":"https:\/\/www.mdtel.es\/tech\/wp-json\/wp\/v2\/posts"}],"about":[{"href":"https:\/\/www.mdtel.es\/tech\/wp-json\/wp\/v2\/types\/post"}],"author":[{"embeddable":true,"href":"https:\/\/www.mdtel.es\/tech\/wp-json\/wp\/v2\/users\/6"}],"replies":[{"embeddable":true,"href":"https:\/\/www.mdtel.es\/tech\/wp-json\/wp\/v2\/comments?post=9333"}],"version-history":[{"count":8,"href":"https:\/\/www.mdtel.es\/tech\/wp-json\/wp\/v2\/posts\/9333\/revisions"}],"predecessor-version":[{"id":9624,"href":"https:\/\/www.mdtel.es\/tech\/wp-json\/wp\/v2\/posts\/9333\/revisions\/9624"}],"wp:featuredmedia":[{"embeddable":true,"href":"https:\/\/www.mdtel.es\/tech\/wp-json\/wp\/v2\/media\/9623"}],"wp:attachment":[{"href":"https:\/\/www.mdtel.es\/tech\/wp-json\/wp\/v2\/media?parent=9333"}],"wp:term":[{"taxonomy":"category","embeddable":true,"href":"https:\/\/www.mdtel.es\/tech\/wp-json\/wp\/v2\/categories?post=9333"},{"taxonomy":"post_tag","embeddable":true,"href":"https:\/\/www.mdtel.es\/tech\/wp-json\/wp\/v2\/tags?post=9333"}],"curies":[{"name":"wp","href":"https:\/\/api.w.org\/{rel}","templated":true}]}}